{"id":3110,"date":"2026-02-10T08:41:33","date_gmt":"2026-02-10T08:41:33","guid":{"rendered":"https:\/\/spanish-balcony.com\/?p=3110"},"modified":"2026-03-09T13:54:22","modified_gmt":"2026-03-09T13:54:22","slug":"carlos-v-e-isabel-imagen-y-marca-imperial","status":"publish","type":"post","link":"https:\/\/spanish-balcony.com\/es\/carlos-v-e-isabel-imagen-y-marca-imperial\/","title":{"rendered":"Carlos V e Isabel: Imagen y Marca Imperial"},"content":{"rendered":"<div class=\"wp-block-columns is-layout-flex wp-container-core-columns-is-layout-7387b849 wp-block-columns-is-layout-flex\">\n<div class=\"wp-block-column is-layout-flow wp-block-column-is-layout-flow\" style=\"flex-basis:100%\">\n<div class=\"wp-block-uagb-image uagb-block-81aa9391 wp-block-uagb-image--layout-default wp-block-uagb-image--effect-static wp-block-uagb-image--align-none\"><figure class=\"wp-block-uagb-image__figure\"><img decoding=\"async\" src=\"https:\/\/spanish-balcony.com\/wp-content\/uploads\/2026\/02\/Carlos-V-e-Isabel-I-1024x683.png\" alt=\"\" class=\"uag-image-3112\" width=\"1536\" height=\"1024\" title=\"Carlos V e Isabel I\" loading=\"lazy\" role=\"img\" \/><\/figure><\/div>\n<\/div>\n<\/div>\n\n\n\n<div class=\"wp-block-uagb-advanced-heading uagb-block-0b20a77d\"><h3 class=\"uagb-heading-text\"><strong>Por qu\u00e9 Carlos V se cas\u00f3 con Isabel de Portugal<br><\/strong><\/h3><\/div>\n\n\n\n<p class=\"wp-block-paragraph\">El emperador Carlos V, el hombre m\u00e1s poderoso del siglo XVI por su riqueza, la extensi\u00f3n de sus territorios y su influencia pol\u00edtica, se cas\u00f3 en Sevilla con la princesa Isabel I de Portugal, el once de marzo de 1526. \u00c9l ten\u00eda veintis\u00e9is a\u00f1os. Ella, veintid\u00f3s. Nunca se hab\u00edan visto antes.<\/p>\n\n\n\n<p class=\"wp-block-paragraph\">Con motivo de la boda de&nbsp;<strong>Carlos V<\/strong>&nbsp;y&nbsp;<strong>Isabel de Portugal<\/strong>, Sevilla organiz\u00f3 un solemne recibimiento, articulado en torno, a la construcci\u00f3n de <strong>siete arcos triunfales<\/strong>, a lo largo del recorrido ceremonial por la ciudad. Estas estructuras, formaban parte de un <strong>ambicioso programa humanista<\/strong>, destinado a exaltar las virtudes del emperador como modelo de gobernante ideal, inspirado en referentes cl\u00e1sicos y mitol\u00f3gicos.<\/p>\n\n\n\n<p class=\"wp-block-paragraph\">Cada arco encarnaba valores fundamentales como la Prudencia, la Fortaleza, la Clemencia, la Paz, la Justicia y las virtudes teologales, culminando en un \u00faltimo monumento consagrado a <strong>la Gloria,<\/strong> en el que se ensalzaba simb\u00f3licamente la grandeza y dignidad de los soberanos.<\/p>\n\n\n\n<p class=\"wp-block-paragraph\">Carlos hab\u00eda nacido en Gante, en los Pa\u00edses Bajos de los Habsburgo. Isabel, en Portugal. Eran primos, nietos de los Reyes Cat\u00f3licos, hijos de Juana I de Castilla y de Mar\u00eda de Arag\u00f3n. <strong>Pertenec\u00edan a la misma historia, sin haberse cruzado nunca en ella. <\/strong><\/p>\n\n\n\n<p class=\"wp-block-paragraph\">Su uni\u00f3n fue concebida como un pacto necesario: Isabel conoc\u00eda la problem\u00e1tica de la pen\u00ednsula Ib\u00e9rica, la lengua y aportaba una valiosa dote. No era una boda por amor. <strong>Era una decisi\u00f3n pol\u00edtica<\/strong>.<\/p>\n\n\n\n<p class=\"wp-block-paragraph\"><a href=\"https:\/\/www.articulo14.es\/cuv-e-isabel-de-portugal-la-boda-imperial-que-sevilla-celebra-cinco-siglos-despues-como-una-historia-de-amor-inesperado-20260210.html\" title=\"La boda imperial que Sevilla celebra cinco siglos despu\u00e9s\">l<\/a>Lo que nadie esperaba era que, en una \u00e9poca en la que los matrimonios eran contratos y donde el afecto apenas hallaba espacio,&nbsp;<strong>naciera un amor verdadero<\/strong>. <\/p>\n\n\n\n<p class=\"wp-block-paragraph\"><a href=\"https:\/\/www.articulo14.es\/cultura\/carlos-v-e-isabel-de-portugal-la-boda-imperial-que-sevilla-celebra-cinco-siglos-despues-como-una-historia-de-amor-inesperado-20260210.html\" title=\"\"><span style=\"text-decoration: underline;\">Ver art\u00edculo ampliado<\/span><\/a><\/p>","protected":false},"excerpt":{"rendered":"<p>Sevilla se visti\u00f3 de gloria para la boda de Carlos V e Isabel de Portugal en 1526: un matrimonio pol\u00edtico entre imperios que, contra todo pron\u00f3stico, termin\u00f3 convirti\u00e9ndose en una verdadera historia de amor.<\/p>","protected":false},"author":1,"featured_media":3112,"comment_status":"open","ping_status":"open","sticky":false,"template":"","format":"standard","meta":{"_uag_custom_page_level_css":"","site-sidebar-layout":"default","site-content-layout":"","ast-site-content-layout":"default","site-content-style":"default","site-sidebar-style":"default","ast-global-header-display":"","ast-banner-title-visibility":"","ast-main-header-display":"","ast-hfb-above-header-display":"","ast-hfb-below-header-display":"","ast-hfb-mobile-header-display":"","site-post-title":"","ast-breadcrumbs-content":"","ast-featured-img":"disabled","footer-sml-layout":"","ast-disable-related-posts":"","theme-transparent-header-meta":"","adv-header-id-meta":"","stick-header-meta":"","header-above-stick-meta":"","header-main-stick-meta":"","header-below-stick-meta":"","astra-migrate-meta-layouts":"set","ast-page-background-enabled":"default","ast-page-background-meta":{"desktop":{"background-color":"","background-image":"","background-repeat":"repeat","background-position":"center center","background-size":"auto","background-attachment":"scroll","background-type":"","background-media":"","overlay-type":"","overlay-color":"","overlay-opacity":"","overlay-gradient":""},"tablet":{"background-color":"","background-image":"","background-repeat":"repeat","background-position":"center center","background-size":"auto","background-attachment":"scroll","background-type":"","background-media":"","overlay-type":"","overlay-color":"","overlay-opacity":"","overlay-gradient":""},"mobile":{"background-color":"","background-image":"","background-repeat":"repeat","background-position":"center center","background-size":"auto","background-attachment":"scroll","background-type":"","background-media":"","overlay-type":"","overlay-color":"","overlay-opacity":"","overlay-gradient":""}},"ast-content-background-meta":{"desktop":{"background-color":"var(--ast-global-color-5)","background-image":"","background-repeat":"repeat","background-position":"center center","background-size":"auto","background-attachment":"scroll","background-type":"","background-media":"","overlay-type":"","overlay-color":"","overlay-opacity":"","overlay-gradient":""},"tablet":{"background-color":"var(--ast-global-color-5)","background-image":"","background-repeat":"repeat","background-position":"center center","background-size":"auto","background-attachment":"scroll","background-type":"","background-media":"","overlay-type":"","overlay-color":"","overlay-opacity":"","overlay-gradient":""},"mobile":{"background-color":"var(--ast-global-color-5)","background-image":"","background-repeat":"repeat","background-position":"center center","background-size":"auto","background-attachment":"scroll","background-type":"","background-media":"","overlay-type":"","overlay-color":"","overlay-opacity":"","overlay-gradient":""}},"footnotes":""},"categories":[1],"tags":[13,11],"class_list":["post-3110","post","type-post","status-publish","format-standard","has-post-thumbnail","hentry","category-blog","tag-carlos-v","tag-historia-de-espana"],"aioseo_notices":[],"aioseo_head":"\n\t\t<!-- All in One SEO 5.0.0.1 - aioseo.com -->\n\t<meta name=\"description\" content=\"Sevilla se visti\u00f3 de gloria para la boda de Carlos V e Isabel de Portugal en 1526: un matrimonio pol\u00edtico entre imperios que, contra todo pron\u00f3stico, termin\u00f3 convirti\u00e9ndose en una verdadera historia de amor.\" \/>\n\t<meta name=\"robots\" content=\"max-image-preview:large\" \/>\n\t<meta name=\"author\" content=\"eugeniabuga@gmail.com\"\/>\n\t<meta name=\"google-site-verification\" content=\"4Ee2dGhfs_Ly4CmLcTc-k-CkNDXSfdpOl37T9BCtYEM\" \/>\n\t<link rel=\"canonical\" href=\"https:\/\/spanish-balcony.com\/es\/carlos-v-e-isabel-imagen-y-marca-imperial\/\" \/>\n\t<meta name=\"generator\" content=\"All in One SEO (AIOSEO) 5.0.0.1\" \/>\n\t\t<meta property=\"og:locale\" content=\"es_ES\" \/>\n\t\t<meta property=\"og:site_name\" content=\"Spanish-Balcony \u00bb Join unique tours in Madrid exploring Spain\u2019s art, culture, and the remarkable women who shaped its story.\" \/>\n\t\t<meta property=\"og:type\" content=\"article\" \/>\n\t\t<meta property=\"og:title\" content=\"Carlos V e Isabel: Imagen y Marca Imperial \u00bb Spanish-Balcony\" \/>\n\t\t<meta property=\"og:description\" content=\"Sevilla se visti\u00f3 de gloria para la boda de Carlos V e Isabel de Portugal en 1526: un matrimonio pol\u00edtico entre imperios que, contra todo pron\u00f3stico, termin\u00f3 convirti\u00e9ndose en una verdadera historia de amor.\" \/>\n\t\t<meta property=\"og:url\" content=\"https:\/\/spanish-balcony.com\/es\/carlos-v-e-isabel-imagen-y-marca-imperial\/\" \/>\n\t\t<meta property=\"og:image\" content=\"https:\/\/spanish-balcony.com\/wp-content\/uploads\/2025\/10\/cropped-Spanish-Balcony-logo-por-web-1-scaled-1.png\" \/>\n\t\t<meta property=\"og:image:secure_url\" content=\"https:\/\/spanish-balcony.com\/wp-content\/uploads\/2025\/10\/cropped-Spanish-Balcony-logo-por-web-1-scaled-1.png\" \/>\n\t\t<meta property=\"article:published_time\" content=\"2026-02-10T08:41:33+00:00\" \/>\n\t\t<meta property=\"article:modified_time\" content=\"2026-03-09T13:54:22+00:00\" \/>\n\t\t<meta name=\"twitter:card\" content=\"summary_large_image\" \/>\n\t\t<meta name=\"twitter:title\" content=\"Carlos V e Isabel: Imagen y Marca Imperial \u00bb Spanish-Balcony\" \/>\n\t\t<meta name=\"twitter:description\" content=\"Sevilla se visti\u00f3 de gloria para la boda de Carlos V e Isabel de Portugal en 1526: un matrimonio pol\u00edtico entre imperios que, contra todo pron\u00f3stico, termin\u00f3 convirti\u00e9ndose en una verdadera historia de amor.\" \/>\n\t\t<meta name=\"twitter:image\" content=\"https:\/\/spanish-balcony.com\/wp-content\/uploads\/2025\/10\/cropped-Spanish-Balcony-logo-por-web-1-scaled-1.png\" \/>\n\t\t<script type=\"application\/ld+json\" class=\"aioseo-schema\">\n\t\t\t{\"@context\":\"https:\\\/\\\/schema.org\",\"@graph\":[{\"@type\":\"BlogPosting\",\"@id\":\"https:\\\/\\\/spanish-balcony.com\\\/es\\\/carlos-v-e-isabel-imagen-y-marca-imperial\\\/#blogposting\",\"name\":\"Carlos V e Isabel: Imagen y Marca Imperial \\u00bb Spanish-Balcony\",\"headline\":\"Carlos V e Isabel: Imagen y Marca Imperial\",\"author\":{\"@id\":\"https:\\\/\\\/spanish-balcony.com\\\/es\\\/author\\\/eugeniabugagmail-com\\\/#author\"},\"publisher\":{\"@id\":\"https:\\\/\\\/spanish-balcony.com\\\/es\\\/#organization\"},\"image\":{\"@type\":\"ImageObject\",\"url\":\"https:\\\/\\\/spanish-balcony.com\\\/wp-content\\\/uploads\\\/2026\\\/02\\\/Carlos-V-e-Isabel-I.png\",\"width\":1536,\"height\":1024},\"datePublished\":\"2026-02-10T08:41:33+00:00\",\"dateModified\":\"2026-03-09T13:54:22+00:00\",\"inLanguage\":\"es-ES\",\"mainEntityOfPage\":{\"@id\":\"https:\\\/\\\/spanish-balcony.com\\\/es\\\/carlos-v-e-isabel-imagen-y-marca-imperial\\\/#webpage\"},\"isPartOf\":{\"@id\":\"https:\\\/\\\/spanish-balcony.com\\\/es\\\/carlos-v-e-isabel-imagen-y-marca-imperial\\\/#webpage\"},\"articleSection\":\"Blog, Carlos V, Historia de Espa\\u00f1a\"},{\"@type\":\"BreadcrumbList\",\"@id\":\"https:\\\/\\\/spanish-balcony.com\\\/es\\\/carlos-v-e-isabel-imagen-y-marca-imperial\\\/#breadcrumblist\",\"itemListElement\":[{\"@type\":\"ListItem\",\"@id\":\"https:\\\/\\\/spanish-balcony.com\\\/es#listItem\",\"position\":1,\"name\":\"Home\",\"item\":\"https:\\\/\\\/spanish-balcony.com\\\/es\",\"nextItem\":{\"@type\":\"ListItem\",\"@id\":\"https:\\\/\\\/spanish-balcony.com\\\/es\\\/category\\\/blog\\\/#listItem\",\"name\":\"Blog\"}},{\"@type\":\"ListItem\",\"@id\":\"https:\\\/\\\/spanish-balcony.com\\\/es\\\/category\\\/blog\\\/#listItem\",\"position\":2,\"name\":\"Blog\",\"item\":\"https:\\\/\\\/spanish-balcony.com\\\/es\\\/category\\\/blog\\\/\",\"nextItem\":{\"@type\":\"ListItem\",\"@id\":\"https:\\\/\\\/spanish-balcony.com\\\/es\\\/carlos-v-e-isabel-imagen-y-marca-imperial\\\/#listItem\",\"name\":\"Carlos V e Isabel: Imagen y Marca Imperial\"},\"previousItem\":{\"@type\":\"ListItem\",\"@id\":\"https:\\\/\\\/spanish-balcony.com\\\/es#listItem\",\"name\":\"Home\"}},{\"@type\":\"ListItem\",\"@id\":\"https:\\\/\\\/spanish-balcony.com\\\/es\\\/carlos-v-e-isabel-imagen-y-marca-imperial\\\/#listItem\",\"position\":3,\"name\":\"Carlos V e Isabel: Imagen y Marca Imperial\",\"previousItem\":{\"@type\":\"ListItem\",\"@id\":\"https:\\\/\\\/spanish-balcony.com\\\/es\\\/category\\\/blog\\\/#listItem\",\"name\":\"Blog\"}}]},{\"@type\":\"Organization\",\"@id\":\"https:\\\/\\\/spanish-balcony.com\\\/es\\\/#organization\",\"name\":\"Spanish-Balcony\",\"description\":\"Join unique tours in Madrid exploring Spain\\u2019s art, culture, and the remarkable women who shaped its story.\",\"url\":\"https:\\\/\\\/spanish-balcony.com\\\/es\\\/\",\"logo\":{\"@type\":\"ImageObject\",\"url\":\"https:\\\/\\\/spanish-balcony.com\\\/wp-content\\\/uploads\\\/2025\\\/10\\\/cropped-Spanish-Balcony-logo-por-web-1-scaled-1.png\",\"@id\":\"https:\\\/\\\/spanish-balcony.com\\\/es\\\/carlos-v-e-isabel-imagen-y-marca-imperial\\\/#organizationLogo\",\"width\":992,\"height\":573},\"image\":{\"@id\":\"https:\\\/\\\/spanish-balcony.com\\\/es\\\/carlos-v-e-isabel-imagen-y-marca-imperial\\\/#organizationLogo\"}},{\"@type\":\"Person\",\"@id\":\"https:\\\/\\\/spanish-balcony.com\\\/es\\\/author\\\/eugeniabugagmail-com\\\/#author\",\"url\":\"https:\\\/\\\/spanish-balcony.com\\\/es\\\/author\\\/eugeniabugagmail-com\\\/\",\"name\":\"eugeniabuga@gmail.com\",\"image\":{\"@type\":\"ImageObject\",\"@id\":\"https:\\\/\\\/spanish-balcony.com\\\/es\\\/carlos-v-e-isabel-imagen-y-marca-imperial\\\/#authorImage\",\"url\":\"https:\\\/\\\/secure.gravatar.com\\\/avatar\\\/a24d5455027630faa968b40310804bec53bb312e7bc23c80de69199c079deac6?s=96&d=mm&r=g\",\"width\":96,\"height\":96,\"caption\":\"eugeniabuga@gmail.com\"}},{\"@type\":\"WebPage\",\"@id\":\"https:\\\/\\\/spanish-balcony.com\\\/es\\\/carlos-v-e-isabel-imagen-y-marca-imperial\\\/#webpage\",\"url\":\"https:\\\/\\\/spanish-balcony.com\\\/es\\\/carlos-v-e-isabel-imagen-y-marca-imperial\\\/\",\"name\":\"Carlos V e Isabel: Imagen y Marca Imperial \\u00bb Spanish-Balcony\",\"description\":\"Sevilla se visti\\u00f3 de gloria para la boda de Carlos V e Isabel de Portugal en 1526: un matrimonio pol\\u00edtico entre imperios que, contra todo pron\\u00f3stico, termin\\u00f3 convirti\\u00e9ndose en una verdadera historia de amor.\",\"inLanguage\":\"es-ES\",\"isPartOf\":{\"@id\":\"https:\\\/\\\/spanish-balcony.com\\\/es\\\/#website\"},\"breadcrumb\":{\"@id\":\"https:\\\/\\\/spanish-balcony.com\\\/es\\\/carlos-v-e-isabel-imagen-y-marca-imperial\\\/#breadcrumblist\"},\"author\":{\"@id\":\"https:\\\/\\\/spanish-balcony.com\\\/es\\\/author\\\/eugeniabugagmail-com\\\/#author\"},\"creator\":{\"@id\":\"https:\\\/\\\/spanish-balcony.com\\\/es\\\/author\\\/eugeniabugagmail-com\\\/#author\"},\"image\":{\"@type\":\"ImageObject\",\"url\":\"https:\\\/\\\/spanish-balcony.com\\\/wp-content\\\/uploads\\\/2026\\\/02\\\/Carlos-V-e-Isabel-I.png\",\"@id\":\"https:\\\/\\\/spanish-balcony.com\\\/es\\\/carlos-v-e-isabel-imagen-y-marca-imperial\\\/#mainImage\",\"width\":1536,\"height\":1024},\"primaryImageOfPage\":{\"@id\":\"https:\\\/\\\/spanish-balcony.com\\\/es\\\/carlos-v-e-isabel-imagen-y-marca-imperial\\\/#mainImage\"},\"datePublished\":\"2026-02-10T08:41:33+00:00\",\"dateModified\":\"2026-03-09T13:54:22+00:00\"},{\"@type\":\"WebSite\",\"@id\":\"https:\\\/\\\/spanish-balcony.com\\\/es\\\/#website\",\"url\":\"https:\\\/\\\/spanish-balcony.com\\\/es\\\/\",\"name\":\"Spanish-Balcony\",\"description\":\"Join unique tours in Madrid exploring Spain\\u2019s art, culture, and the remarkable women who shaped its story.\",\"inLanguage\":\"es-ES\",\"publisher\":{\"@id\":\"https:\\\/\\\/spanish-balcony.com\\\/es\\\/#organization\"}}]}\n\t\t<\/script>\n\t\t<!-- All in One SEO -->\n\n","aioseo_head_json":{"title":"Carlos V e Isabel: Imagen y Marca Imperial \u00bb Spanish-Balcony","description":"Sevilla se visti\u00f3 de gloria para la boda de Carlos V e Isabel de Portugal en 1526: un matrimonio pol\u00edtico entre imperios que, contra todo pron\u00f3stico, termin\u00f3 convirti\u00e9ndose en una verdadera historia de amor.","canonical_url":"https:\/\/spanish-balcony.com\/es\/carlos-v-e-isabel-imagen-y-marca-imperial\/","robots":"max-image-preview:large","keywords":"","webmasterTools":{"google-site-verification":"4Ee2dGhfs_Ly4CmLcTc-k-CkNDXSfdpOl37T9BCtYEM","miscellaneous":""},"schema":{"@context":"https:\/\/schema.org","@graph":[{"@type":"BlogPosting","@id":"https:\/\/spanish-balcony.com\/es\/carlos-v-e-isabel-imagen-y-marca-imperial\/#blogposting","name":"Carlos V e Isabel: Imagen y Marca Imperial \u00bb Spanish-Balcony","headline":"Carlos V e Isabel: Imagen y Marca Imperial","author":{"@id":"https:\/\/spanish-balcony.com\/es\/author\/eugeniabugagmail-com\/#author"},"publisher":{"@id":"https:\/\/spanish-balcony.com\/es\/#organization"},"image":{"@type":"ImageObject","url":"https:\/\/spanish-balcony.com\/wp-content\/uploads\/2026\/02\/Carlos-V-e-Isabel-I.png","width":1536,"height":1024},"datePublished":"2026-02-10T08:41:33+00:00","dateModified":"2026-03-09T13:54:22+00:00","inLanguage":"es-ES","mainEntityOfPage":{"@id":"https:\/\/spanish-balcony.com\/es\/carlos-v-e-isabel-imagen-y-marca-imperial\/#webpage"},"isPartOf":{"@id":"https:\/\/spanish-balcony.com\/es\/carlos-v-e-isabel-imagen-y-marca-imperial\/#webpage"},"articleSection":"Blog, Carlos V, Historia de Espa\u00f1a"},{"@type":"BreadcrumbList","@id":"https:\/\/spanish-balcony.com\/es\/carlos-v-e-isabel-imagen-y-marca-imperial\/#breadcrumblist","itemListElement":[{"@type":"ListItem","@id":"https:\/\/spanish-balcony.com\/es#listItem","position":1,"name":"Home","item":"https:\/\/spanish-balcony.com\/es","nextItem":{"@type":"ListItem","@id":"https:\/\/spanish-balcony.com\/es\/category\/blog\/#listItem","name":"Blog"}},{"@type":"ListItem","@id":"https:\/\/spanish-balcony.com\/es\/category\/blog\/#listItem","position":2,"name":"Blog","item":"https:\/\/spanish-balcony.com\/es\/category\/blog\/","nextItem":{"@type":"ListItem","@id":"https:\/\/spanish-balcony.com\/es\/carlos-v-e-isabel-imagen-y-marca-imperial\/#listItem","name":"Carlos V e Isabel: Imagen y Marca Imperial"},"previousItem":{"@type":"ListItem","@id":"https:\/\/spanish-balcony.com\/es#listItem","name":"Home"}},{"@type":"ListItem","@id":"https:\/\/spanish-balcony.com\/es\/carlos-v-e-isabel-imagen-y-marca-imperial\/#listItem","position":3,"name":"Carlos V e Isabel: Imagen y Marca Imperial","previousItem":{"@type":"ListItem","@id":"https:\/\/spanish-balcony.com\/es\/category\/blog\/#listItem","name":"Blog"}}]},{"@type":"Organization","@id":"https:\/\/spanish-balcony.com\/es\/#organization","name":"Spanish-Balcony","description":"Join unique tours in Madrid exploring Spain\u2019s art, culture, and the remarkable women who shaped its story.","url":"https:\/\/spanish-balcony.com\/es\/","logo":{"@type":"ImageObject","url":"https:\/\/spanish-balcony.com\/wp-content\/uploads\/2025\/10\/cropped-Spanish-Balcony-logo-por-web-1-scaled-1.png","@id":"https:\/\/spanish-balcony.com\/es\/carlos-v-e-isabel-imagen-y-marca-imperial\/#organizationLogo","width":992,"height":573},"image":{"@id":"https:\/\/spanish-balcony.com\/es\/carlos-v-e-isabel-imagen-y-marca-imperial\/#organizationLogo"}},{"@type":"Person","@id":"https:\/\/spanish-balcony.com\/es\/author\/eugeniabugagmail-com\/#author","url":"https:\/\/spanish-balcony.com\/es\/author\/eugeniabugagmail-com\/","name":"eugeniabuga@gmail.com","image":{"@type":"ImageObject","@id":"https:\/\/spanish-balcony.com\/es\/carlos-v-e-isabel-imagen-y-marca-imperial\/#authorImage","url":"https:\/\/secure.gravatar.com\/avatar\/a24d5455027630faa968b40310804bec53bb312e7bc23c80de69199c079deac6?s=96&d=mm&r=g","width":96,"height":96,"caption":"eugeniabuga@gmail.com"}},{"@type":"WebPage","@id":"https:\/\/spanish-balcony.com\/es\/carlos-v-e-isabel-imagen-y-marca-imperial\/#webpage","url":"https:\/\/spanish-balcony.com\/es\/carlos-v-e-isabel-imagen-y-marca-imperial\/","name":"Carlos V e Isabel: Imagen y Marca Imperial \u00bb Spanish-Balcony","description":"Sevilla se visti\u00f3 de gloria para la boda de Carlos V e Isabel de Portugal en 1526: un matrimonio pol\u00edtico entre imperios que, contra todo pron\u00f3stico, termin\u00f3 convirti\u00e9ndose en una verdadera historia de amor.","inLanguage":"es-ES","isPartOf":{"@id":"https:\/\/spanish-balcony.com\/es\/#website"},"breadcrumb":{"@id":"https:\/\/spanish-balcony.com\/es\/carlos-v-e-isabel-imagen-y-marca-imperial\/#breadcrumblist"},"author":{"@id":"https:\/\/spanish-balcony.com\/es\/author\/eugeniabugagmail-com\/#author"},"creator":{"@id":"https:\/\/spanish-balcony.com\/es\/author\/eugeniabugagmail-com\/#author"},"image":{"@type":"ImageObject","url":"https:\/\/spanish-balcony.com\/wp-content\/uploads\/2026\/02\/Carlos-V-e-Isabel-I.png","@id":"https:\/\/spanish-balcony.com\/es\/carlos-v-e-isabel-imagen-y-marca-imperial\/#mainImage","width":1536,"height":1024},"primaryImageOfPage":{"@id":"https:\/\/spanish-balcony.com\/es\/carlos-v-e-isabel-imagen-y-marca-imperial\/#mainImage"},"datePublished":"2026-02-10T08:41:33+00:00","dateModified":"2026-03-09T13:54:22+00:00"},{"@type":"WebSite","@id":"https:\/\/spanish-balcony.com\/es\/#website","url":"https:\/\/spanish-balcony.com\/es\/","name":"Spanish-Balcony","description":"Join unique tours in Madrid exploring Spain\u2019s art, culture, and the remarkable women who shaped its story.","inLanguage":"es-ES","publisher":{"@id":"https:\/\/spanish-balcony.com\/es\/#organization"}}]},"og:locale":"es_ES","og:site_name":"Spanish-Balcony \u00bb Join unique tours in Madrid exploring Spain\u2019s art, culture, and the remarkable women who shaped its story.","og:type":"article","og:title":"Carlos V e Isabel: Imagen y Marca Imperial \u00bb Spanish-Balcony","og:description":"Sevilla se visti\u00f3 de gloria para la boda de Carlos V e Isabel de Portugal en 1526: un matrimonio pol\u00edtico entre imperios que, contra todo pron\u00f3stico, termin\u00f3 convirti\u00e9ndose en una verdadera historia de amor.","og:url":"https:\/\/spanish-balcony.com\/es\/carlos-v-e-isabel-imagen-y-marca-imperial\/","og:image":"https:\/\/spanish-balcony.com\/wp-content\/uploads\/2025\/10\/cropped-Spanish-Balcony-logo-por-web-1-scaled-1.png","og:image:secure_url":"https:\/\/spanish-balcony.com\/wp-content\/uploads\/2025\/10\/cropped-Spanish-Balcony-logo-por-web-1-scaled-1.png","article:published_time":"2026-02-10T08:41:33+00:00","article:modified_time":"2026-03-09T13:54:22+00:00","twitter:card":"summary_large_image","twitter:title":"Carlos V e Isabel: Imagen y Marca Imperial \u00bb Spanish-Balcony","twitter:description":"Sevilla se visti\u00f3 de gloria para la boda de Carlos V e Isabel de Portugal en 1526: un matrimonio pol\u00edtico entre imperios que, contra todo pron\u00f3stico, termin\u00f3 convirti\u00e9ndose en una verdadera historia de amor.","twitter:image":"https:\/\/spanish-balcony.com\/wp-content\/uploads\/2025\/10\/cropped-Spanish-Balcony-logo-por-web-1-scaled-1.png"},"aioseo_meta_data":{"post_id":"3110","title":null,"description":null,"keywords":null,"keyphrases":{"focus":{"keyphrase":"","score":0,"analysis":{"keyphraseInTitle":{"score":0,"maxScore":9,"error":1}}},"additional":[]},"primary_term":null,"canonical_url":null,"og_title":null,"og_description":null,"og_object_type":"default","og_image_type":"default","og_image_url":null,"og_image_width":null,"og_image_height":null,"og_image_custom_url":null,"og_image_custom_fields":null,"og_video":"","og_custom_url":null,"og_article_section":null,"og_article_tags":null,"twitter_use_og":false,"twitter_card":"default","twitter_image_type":"default","twitter_image_url":null,"twitter_image_custom_url":null,"twitter_image_custom_fields":null,"twitter_title":null,"twitter_description":null,"schema":{"blockGraphs":[],"customGraphs":[],"default":{"data":{"Article":[],"Course":[],"Dataset":[],"FAQPage":[],"Movie":[],"Person":[],"Product":[],"ProductReview":[],"Car":[],"Recipe":[],"Service":[],"SoftwareApplication":[],"WebPage":[]},"graphName":"BlogPosting","isEnabled":true},"graphs":[]},"schema_type":"default","schema_type_options":null,"pillar_content":false,"robots_default":true,"robots_noindex":false,"robots_noarchive":false,"robots_nosnippet":false,"robots_nofollow":false,"robots_noimageindex":false,"robots_noodp":false,"robots_notranslate":false,"robots_max_snippet":"-1","robots_max_videopreview":"-1","robots_max_imagepreview":"large","priority":null,"frequency":"default","local_seo":null,"breadcrumb_settings":null,"limit_modified_date":false,"ai":{"faqs":[],"keyPoints":[],"titles":[],"descriptions":[],"socialPosts":{"email":[],"linkedin":[],"twitter":[],"facebook":[],"instagram":[]}},"created":"2026-02-10 07:38:00","updated":"2026-03-09 14:20:53","seo_analyzer_scan_date":null,"focus_keyword":null,"additional_keywords":null,"truseo_locale":null},"aioseo_breadcrumb":"<div class=\"aioseo-breadcrumbs\"><span class=\"aioseo-breadcrumb\">\n\t\t\t<a href=\"https:\/\/spanish-balcony.com\/es\" title=\"Home\">Home<\/a>\n\t\t<\/span><span class=\"aioseo-breadcrumb-separator\">&raquo;<\/span><span class=\"aioseo-breadcrumb\">\n\t\t\t<a href=\"https:\/\/spanish-balcony.com\/es\/category\/blog\/\" title=\"Blog\">Blog<\/a>\n\t\t<\/span><span class=\"aioseo-breadcrumb-separator\">&raquo;<\/span><span class=\"aioseo-breadcrumb\">\n\t\t\tCarlos V e Isabel: Imagen y Marca Imperial\n\t\t<\/span><\/div>","aioseo_breadcrumb_json":[{"label":"Home","link":"https:\/\/spanish-balcony.com\/es"},{"label":"Blog","link":"https:\/\/spanish-balcony.com\/es\/category\/blog\/"},{"label":"Carlos V e Isabel: Imagen y Marca Imperial","link":"https:\/\/spanish-balcony.com\/es\/carlos-v-e-isabel-imagen-y-marca-imperial\/"}],"uagb_featured_image_src":{"full":["https:\/\/spanish-balcony.com\/wp-content\/uploads\/2026\/02\/Carlos-V-e-Isabel-I.png",1536,1024,false],"thumbnail":["https:\/\/spanish-balcony.com\/wp-content\/uploads\/2026\/02\/Carlos-V-e-Isabel-I-150x150.png",150,150,true],"medium":["https:\/\/spanish-balcony.com\/wp-content\/uploads\/2026\/02\/Carlos-V-e-Isabel-I-300x200.png",300,200,true],"medium_large":["https:\/\/spanish-balcony.com\/wp-content\/uploads\/2026\/02\/Carlos-V-e-Isabel-I-768x512.png",768,512,true],"large":["https:\/\/spanish-balcony.com\/wp-content\/uploads\/2026\/02\/Carlos-V-e-Isabel-I-1024x683.png",1024,683,true],"1536x1536":["https:\/\/spanish-balcony.com\/wp-content\/uploads\/2026\/02\/Carlos-V-e-Isabel-I.png",1536,1024,false],"2048x2048":["https:\/\/spanish-balcony.com\/wp-content\/uploads\/2026\/02\/Carlos-V-e-Isabel-I.png",1536,1024,false],"trp-custom-language-flag":["https:\/\/spanish-balcony.com\/wp-content\/uploads\/2026\/02\/Carlos-V-e-Isabel-I-18x12.png",18,12,true]},"uagb_author_info":{"display_name":"eugeniabuga@gmail.com","author_link":"https:\/\/spanish-balcony.com\/es\/author\/eugeniabugagmail-com\/"},"uagb_comment_info":0,"uagb_excerpt":"Sevilla se visti\u00f3 de gloria para la boda de Carlos V e Isabel de Portugal en 1526: un matrimonio pol\u00edtico entre imperios que, contra todo pron\u00f3stico, termin\u00f3 convirti\u00e9ndose en una verdadera historia de amor.","_links":{"self":[{"href":"https:\/\/spanish-balcony.com\/es\/wp-json\/wp\/v2\/posts\/3110","targetHints":{"allow":["GET"]}}],"collection":[{"href":"https:\/\/spanish-balcony.com\/es\/wp-json\/wp\/v2\/posts"}],"about":[{"href":"https:\/\/spanish-balcony.com\/es\/wp-json\/wp\/v2\/types\/post"}],"author":[{"embeddable":true,"href":"https:\/\/spanish-balcony.com\/es\/wp-json\/wp\/v2\/users\/1"}],"replies":[{"embeddable":true,"href":"https:\/\/spanish-balcony.com\/es\/wp-json\/wp\/v2\/comments?post=3110"}],"version-history":[{"count":9,"href":"https:\/\/spanish-balcony.com\/es\/wp-json\/wp\/v2\/posts\/3110\/revisions"}],"predecessor-version":[{"id":3129,"href":"https:\/\/spanish-balcony.com\/es\/wp-json\/wp\/v2\/posts\/3110\/revisions\/3129"}],"wp:featuredmedia":[{"embeddable":true,"href":"https:\/\/spanish-balcony.com\/es\/wp-json\/wp\/v2\/media\/3112"}],"wp:attachment":[{"href":"https:\/\/spanish-balcony.com\/es\/wp-json\/wp\/v2\/media?parent=3110"}],"wp:term":[{"taxonomy":"category","embeddable":true,"href":"https:\/\/spanish-balcony.com\/es\/wp-json\/wp\/v2\/categories?post=3110"},{"taxonomy":"post_tag","embeddable":true,"href":"https:\/\/spanish-balcony.com\/es\/wp-json\/wp\/v2\/tags?post=3110"}],"curies":[{"name":"wp","href":"https:\/\/api.w.org\/{rel}","templated":true}]}}