{"id":3064,"date":"2026-01-19T15:53:34","date_gmt":"2026-01-19T15:53:34","guid":{"rendered":"https:\/\/spanish-balcony.com\/?p=3064"},"modified":"2026-01-20T02:27:05","modified_gmt":"2026-01-20T02:27:05","slug":"catalina-de-aragon-_-la-verdad-es-hija-del-tiempo","status":"publish","type":"post","link":"https:\/\/spanish-balcony.com\/es\/catalina-de-aragon-_-la-verdad-es-hija-del-tiempo\/","title":{"rendered":"EL LEGADO IMPERECEDERO DE CATALINA DE ARAG\u00d3N EN LA HISTORIA"},"content":{"rendered":"<div class=\"wp-block-uagb-image uagb-block-f994e18f wp-block-uagb-image--layout-default wp-block-uagb-image--effect-static wp-block-uagb-image--align-none\"><figure class=\"wp-block-uagb-image__figure\"><img decoding=\"async\" src=\"https:\/\/spanish-balcony.com\/wp-content\/uploads\/2026\/01\/catalina-de-Aragon-2.jpg\" alt=\"\" class=\"uag-image-3096\" width=\"498\" height=\"612\" title=\"catalina de Arago\u0301n 2\" loading=\"lazy\" role=\"img\" \/><\/figure><\/div>\n\n\n\n<div class=\"wp-block-uagb-container uagb-block-cb045a67 alignfull uagb-is-root-container\"><div class=\"uagb-container-inner-blocks-wrap\">\n<div class=\"wp-block-uagb-container uagb-block-9b675624\">\n<p class=\"wp-block-paragraph\"><strong>Enrique VIII<\/strong> pas\u00f3 a la historia por convertir el matrimonio en una instituci\u00f3n inestable, en su caso, el compromiso conyugal ten\u00eda fecha de caducidad y en dos ocasiones de ejecuci\u00f3n. Pero antes de la tragedia y del exceso, hubo una elecci\u00f3n decisiva: <strong>Catalina de Arag\u00f3n<\/strong>. <\/p>\n\n\n\n<p class=\"wp-block-paragraph\">Catalina hab\u00eda llegado a Inglaterra para casarse con Arturo, el hermano mayor, el cual tuvo unas fiebres que no consigui\u00f3 superar, cinco meses despu\u00e9s de la boda, Arturo falleci\u00f3. <\/p>\n\n\n\n<h2 class=\"wp-block-heading\">La primera vez que se ven<\/h2>\n\n\n\n<p class=\"wp-block-paragraph\"><strong>Enrique vio a Catalina por primera vez cuando \u00e9l ten\u00eda diez a\u00f1os y ella quince<\/strong>, acab\u00f3 cas\u00e1ndose con ella para compartir veinticuatro a\u00f1os de reinado, una eternidad en la l\u00f3gica matrimonial del monarca.\u00a0De las cinco\u00a0mujeres que siguieron, la que m\u00e1s dur\u00f3 junto a \u00e9l, fue la \u00faltima, cuatro a\u00f1os. Y, sin embargo,\u00a0<strong>la historia tiende a colocarlas a todas en el mismo plano, como si fueran piezas intercambiables de un mismo relato.<\/strong><\/p>\n<\/div>\n\n\n\n<div class=\"wp-block-uagb-container uagb-block-c7aac94b\">\n<p class=\"wp-block-paragraph\">No lo fueron. Catalina no destac\u00f3 solo por ser la consorte que m\u00e1s tiempo permaneci\u00f3 a su lado. Hija menor de los <strong>Reyes Cat\u00f3licos<\/strong>, naci\u00f3 en Alcal\u00e1 de Henares el 16 de diciembre de 1485. Como su hermano y hermanas, fue objeto de una\u00a0<strong>prioridad absoluta: la educaci\u00f3n.\u00a0<\/strong>Aprendi\u00f3 Humanidades \u2014literatura cl\u00e1sica, historia, filosof\u00eda moral y ret\u00f3rica\u2014; ciencias pr\u00e1cticas del gobierno, como la aritm\u00e9tica, la genealog\u00eda, la her\u00e1ldica y el derecho; y una s\u00f3lida formaci\u00f3n en artes y m\u00fasica.\u00a0<\/p>\n\n\n\n<p class=\"wp-block-paragraph\">A ello se sum\u00f3 una educaci\u00f3n ling\u00fc\u00edstica excepcional: domin\u00f3 el lat\u00edn, lengua franca de la diplomacia internacional, el castellano y el franc\u00e9s; aprendi\u00f3 ingl\u00e9s y tuvo contacto con el griego, el portugu\u00e9s y el catal\u00e1n dentro de su formaci\u00f3n humanista. <\/p>\n\n\n\n<p class=\"wp-block-paragraph\">Ese alto nivel intelectual fue reconocido en Europa por humanistas como <strong>Erasmo de R\u00f3terdam<\/strong>, que situaron a Espa\u00f1a entre los referentes de la educaci\u00f3n femenina del Renacimiento.<\/p>\n<\/div>\n<\/div><\/div>\n\n\n\n<div class=\"wp-block-uagb-container uagb-block-acea55c4 alignfull uagb-is-root-container\"><div class=\"uagb-container-inner-blocks-wrap\">\n<div class=\"wp-block-uagb-container uagb-block-3211bf15\">\n<p class=\"wp-block-paragraph\">Aprendi\u00f3, adem\u00e1s, a manejar con soltura herramientas propias de la diplomacia renacentista, como&nbsp;<strong>la cifra,<\/strong>&nbsp;el arte de escribir mensajes secretos mediante sistemas de codificaci\u00f3n. No fue un adorno acad\u00e9mico. En 1505, cuatro a\u00f1os antes de casarse con Enrique VIII, se convirti\u00f3 en&nbsp;<strong>la primera mujer acreditada oficialmente como embajadora<\/strong>\u2026seguir leyendo <a href=\"https:\/\/www.articulo14.es\/cultura\/catalina-aragon-historia-20260119.html#\" title=\"Sigue aqu\u00ed\">https:\/\/www.articulo14.es\/cultura\/catalina-aragon-historia-20260119.html#<\/a><\/p>\n<\/div>\n\n\n\n<div class=\"wp-block-uagb-container uagb-block-3caf6acc\"><\/div>\n<\/div><\/div>\n\n\n\n<p class=\"MsoNormal wp-block-paragraph\"><\/p>","protected":false},"excerpt":{"rendered":"<p>Enrique VIII pas\u00f3 a la historia por convertir el matrimonio en una instituci\u00f3n inestable, en su caso, el compromiso conyugal ten\u00eda fecha de caducidad y en dos ocasiones de ejecuci\u00f3n. Pero antes de la tragedia y del exceso, hubo una elecci\u00f3n decisiva: Catalina de Arag\u00f3n. Catalina hab\u00eda llegado a Inglaterra para casarse con Arturo, el [&hellip;]<\/p>\n","protected":false},"author":1,"featured_media":3082,"comment_status":"closed","ping_status":"open","sticky":false,"template":"","format":"standard","meta":{"_uag_custom_page_level_css":"","site-sidebar-layout":"default","site-content-layout":"","ast-site-content-layout":"default","site-content-style":"default","site-sidebar-style":"default","ast-global-header-display":"","ast-banner-title-visibility":"","ast-main-header-display":"","ast-hfb-above-header-display":"","ast-hfb-below-header-display":"","ast-hfb-mobile-header-display":"","site-post-title":"","ast-breadcrumbs-content":"","ast-featured-img":"disabled","footer-sml-layout":"","ast-disable-related-posts":"","theme-transparent-header-meta":"","adv-header-id-meta":"","stick-header-meta":"","header-above-stick-meta":"","header-main-stick-meta":"","header-below-stick-meta":"","astra-migrate-meta-layouts":"set","ast-page-background-enabled":"default","ast-page-background-meta":{"desktop":{"background-color":"","background-image":"","background-repeat":"repeat","background-position":"center center","background-size":"auto","background-attachment":"scroll","background-type":"","background-media":"","overlay-type":"","overlay-color":"","overlay-opacity":"","overlay-gradient":""},"tablet":{"background-color":"","background-image":"","background-repeat":"repeat","background-position":"center center","background-size":"auto","background-attachment":"scroll","background-type":"","background-media":"","overlay-type":"","overlay-color":"","overlay-opacity":"","overlay-gradient":""},"mobile":{"background-color":"","background-image":"","background-repeat":"repeat","background-position":"center center","background-size":"auto","background-attachment":"scroll","background-type":"","background-media":"","overlay-type":"","overlay-color":"","overlay-opacity":"","overlay-gradient":""}},"ast-content-background-meta":{"desktop":{"background-color":"var(--ast-global-color-5)","background-image":"","background-repeat":"repeat","background-position":"center center","background-size":"auto","background-attachment":"scroll","background-type":"","background-media":"","overlay-type":"","overlay-color":"","overlay-opacity":"","overlay-gradient":""},"tablet":{"background-color":"var(--ast-global-color-5)","background-image":"","background-repeat":"repeat","background-position":"center center","background-size":"auto","background-attachment":"scroll","background-type":"","background-media":"","overlay-type":"","overlay-color":"","overlay-opacity":"","overlay-gradient":""},"mobile":{"background-color":"var(--ast-global-color-5)","background-image":"","background-repeat":"repeat","background-position":"center center","background-size":"auto","background-attachment":"scroll","background-type":"","background-media":"","overlay-type":"","overlay-color":"","overlay-opacity":"","overlay-gradient":""}},"footnotes":""},"categories":[1],"tags":[],"class_list":["post-3064","post","type-post","status-publish","format-standard","has-post-thumbnail","hentry","category-blog"],"aioseo_notices":[],"aioseo_head":"\n\t\t<!-- All in One SEO 5.0.0.1 - aioseo.com -->\n\t<meta name=\"description\" content=\"Enrique VIII pas\u00f3 a la historia por convertir el matrimonio en una instituci\u00f3n inestable, en su caso, el compromiso conyugal ten\u00eda fecha de caducidad y en dos ocasiones de ejecuci\u00f3n. Pero antes de la tragedia y del exceso, hubo una elecci\u00f3n decisiva: Catalina de Arag\u00f3n. Catalina hab\u00eda llegado a Inglaterra para casarse con Arturo, el\" \/>\n\t<meta name=\"robots\" content=\"max-image-preview:large\" \/>\n\t<meta name=\"author\" content=\"eugeniabuga@gmail.com\"\/>\n\t<meta name=\"google-site-verification\" content=\"4Ee2dGhfs_Ly4CmLcTc-k-CkNDXSfdpOl37T9BCtYEM\" \/>\n\t<link rel=\"canonical\" href=\"https:\/\/spanish-balcony.com\/es\/catalina-de-aragon-_-la-verdad-es-hija-del-tiempo\/\" \/>\n\t<meta name=\"generator\" content=\"All in One SEO (AIOSEO) 5.0.0.1\" \/>\n\t\t<meta property=\"og:locale\" content=\"es_ES\" \/>\n\t\t<meta property=\"og:site_name\" content=\"Spanish-Balcony \u00bb Join unique tours in Madrid exploring Spain\u2019s art, culture, and the remarkable women who shaped its story.\" \/>\n\t\t<meta property=\"og:type\" content=\"article\" \/>\n\t\t<meta property=\"og:title\" content=\"El legado imperecedero de Catalina de Arag\u00f3n en la historia\" \/>\n\t\t<meta property=\"og:description\" content=\"Enrique VIII pas\u00f3 a la historia por convertir el matrimonio en una instituci\u00f3n inestable, en su caso, el compromiso conyugal ten\u00eda fecha de caducidad y en dos ocasiones de ejecuci\u00f3n. Pero antes de la tragedia y del exceso, hubo una elecci\u00f3n decisiva: Catalina de Arag\u00f3n. Catalina hab\u00eda llegado a Inglaterra para casarse con Arturo, el\" \/>\n\t\t<meta property=\"og:url\" content=\"https:\/\/spanish-balcony.com\/es\/catalina-de-aragon-_-la-verdad-es-hija-del-tiempo\/\" \/>\n\t\t<meta property=\"og:image\" content=\"https:\/\/spanish-balcony.com\/wp-content\/uploads\/2025\/10\/cropped-Spanish-Balcony-logo-por-web-1-scaled-1.png\" \/>\n\t\t<meta property=\"og:image:secure_url\" content=\"https:\/\/spanish-balcony.com\/wp-content\/uploads\/2025\/10\/cropped-Spanish-Balcony-logo-por-web-1-scaled-1.png\" \/>\n\t\t<meta property=\"article:published_time\" content=\"2026-01-19T15:53:34+00:00\" \/>\n\t\t<meta property=\"article:modified_time\" content=\"2026-01-20T02:27:05+00:00\" \/>\n\t\t<meta name=\"twitter:card\" content=\"summary_large_image\" \/>\n\t\t<meta name=\"twitter:title\" content=\"El legado imperecedero de Catalina de Arag\u00f3n en la historia\" \/>\n\t\t<meta name=\"twitter:description\" content=\"Enrique VIII pas\u00f3 a la historia por convertir el matrimonio en una instituci\u00f3n inestable, en su caso, el compromiso conyugal ten\u00eda fecha de caducidad y en dos ocasiones de ejecuci\u00f3n. Pero antes de la tragedia y del exceso, hubo una elecci\u00f3n decisiva: Catalina de Arag\u00f3n. Catalina hab\u00eda llegado a Inglaterra para casarse con Arturo, el\" \/>\n\t\t<meta name=\"twitter:image\" content=\"https:\/\/spanish-balcony.com\/wp-content\/uploads\/2025\/10\/cropped-Spanish-Balcony-logo-por-web-1-scaled-1.png\" \/>\n\t\t<script type=\"application\/ld+json\" class=\"aioseo-schema\">\n\t\t\t{\"@context\":\"https:\\\/\\\/schema.org\",\"@graph\":[{\"@type\":\"BlogPosting\",\"@id\":\"https:\\\/\\\/spanish-balcony.com\\\/es\\\/catalina-de-aragon-_-la-verdad-es-hija-del-tiempo\\\/#blogposting\",\"name\":\"El legado imperecedero de Catalina de Arag\\u00f3n en la historia\",\"headline\":\"EL LEGADO IMPERECEDERO DE CATALINA DE ARAG\\u00d3N EN LA HISTORIA\",\"author\":{\"@id\":\"https:\\\/\\\/spanish-balcony.com\\\/es\\\/author\\\/eugeniabugagmail-com\\\/#author\"},\"publisher\":{\"@id\":\"https:\\\/\\\/spanish-balcony.com\\\/es\\\/#organization\"},\"image\":{\"@type\":\"ImageObject\",\"url\":\"https:\\\/\\\/spanish-balcony.com\\\/wp-content\\\/uploads\\\/2026\\\/01\\\/ChatGPT-Image-19-ene-2026-12_47_47.png\",\"width\":1024,\"height\":1536,\"caption\":\"Catalina de Aragon, vestida de \\u00e9poca con fondo azul\"},\"datePublished\":\"2026-01-19T15:53:34+00:00\",\"dateModified\":\"2026-01-20T02:27:05+00:00\",\"inLanguage\":\"es-ES\",\"mainEntityOfPage\":{\"@id\":\"https:\\\/\\\/spanish-balcony.com\\\/es\\\/catalina-de-aragon-_-la-verdad-es-hija-del-tiempo\\\/#webpage\"},\"isPartOf\":{\"@id\":\"https:\\\/\\\/spanish-balcony.com\\\/es\\\/catalina-de-aragon-_-la-verdad-es-hija-del-tiempo\\\/#webpage\"},\"articleSection\":\"Blog\"},{\"@type\":\"BreadcrumbList\",\"@id\":\"https:\\\/\\\/spanish-balcony.com\\\/es\\\/catalina-de-aragon-_-la-verdad-es-hija-del-tiempo\\\/#breadcrumblist\",\"itemListElement\":[{\"@type\":\"ListItem\",\"@id\":\"https:\\\/\\\/spanish-balcony.com\\\/es#listItem\",\"position\":1,\"name\":\"Home\",\"item\":\"https:\\\/\\\/spanish-balcony.com\\\/es\",\"nextItem\":{\"@type\":\"ListItem\",\"@id\":\"https:\\\/\\\/spanish-balcony.com\\\/es\\\/category\\\/blog\\\/#listItem\",\"name\":\"Blog\"}},{\"@type\":\"ListItem\",\"@id\":\"https:\\\/\\\/spanish-balcony.com\\\/es\\\/category\\\/blog\\\/#listItem\",\"position\":2,\"name\":\"Blog\",\"item\":\"https:\\\/\\\/spanish-balcony.com\\\/es\\\/category\\\/blog\\\/\",\"nextItem\":{\"@type\":\"ListItem\",\"@id\":\"https:\\\/\\\/spanish-balcony.com\\\/es\\\/catalina-de-aragon-_-la-verdad-es-hija-del-tiempo\\\/#listItem\",\"name\":\"EL LEGADO IMPERECEDERO DE CATALINA DE ARAG\\u00d3N EN LA HISTORIA\"},\"previousItem\":{\"@type\":\"ListItem\",\"@id\":\"https:\\\/\\\/spanish-balcony.com\\\/es#listItem\",\"name\":\"Home\"}},{\"@type\":\"ListItem\",\"@id\":\"https:\\\/\\\/spanish-balcony.com\\\/es\\\/catalina-de-aragon-_-la-verdad-es-hija-del-tiempo\\\/#listItem\",\"position\":3,\"name\":\"EL LEGADO IMPERECEDERO DE CATALINA DE ARAG\\u00d3N EN LA HISTORIA\",\"previousItem\":{\"@type\":\"ListItem\",\"@id\":\"https:\\\/\\\/spanish-balcony.com\\\/es\\\/category\\\/blog\\\/#listItem\",\"name\":\"Blog\"}}]},{\"@type\":\"Organization\",\"@id\":\"https:\\\/\\\/spanish-balcony.com\\\/es\\\/#organization\",\"name\":\"Spanish-Balcony\",\"description\":\"Join unique tours in Madrid exploring Spain\\u2019s art, culture, and the remarkable women who shaped its story.\",\"url\":\"https:\\\/\\\/spanish-balcony.com\\\/es\\\/\",\"logo\":{\"@type\":\"ImageObject\",\"url\":\"https:\\\/\\\/spanish-balcony.com\\\/wp-content\\\/uploads\\\/2025\\\/10\\\/cropped-Spanish-Balcony-logo-por-web-1-scaled-1.png\",\"@id\":\"https:\\\/\\\/spanish-balcony.com\\\/es\\\/catalina-de-aragon-_-la-verdad-es-hija-del-tiempo\\\/#organizationLogo\",\"width\":992,\"height\":573},\"image\":{\"@id\":\"https:\\\/\\\/spanish-balcony.com\\\/es\\\/catalina-de-aragon-_-la-verdad-es-hija-del-tiempo\\\/#organizationLogo\"}},{\"@type\":\"Person\",\"@id\":\"https:\\\/\\\/spanish-balcony.com\\\/es\\\/author\\\/eugeniabugagmail-com\\\/#author\",\"url\":\"https:\\\/\\\/spanish-balcony.com\\\/es\\\/author\\\/eugeniabugagmail-com\\\/\",\"name\":\"eugeniabuga@gmail.com\",\"image\":{\"@type\":\"ImageObject\",\"@id\":\"https:\\\/\\\/spanish-balcony.com\\\/es\\\/catalina-de-aragon-_-la-verdad-es-hija-del-tiempo\\\/#authorImage\",\"url\":\"https:\\\/\\\/secure.gravatar.com\\\/avatar\\\/a24d5455027630faa968b40310804bec53bb312e7bc23c80de69199c079deac6?s=96&d=mm&r=g\",\"width\":96,\"height\":96,\"caption\":\"eugeniabuga@gmail.com\"}},{\"@type\":\"WebPage\",\"@id\":\"https:\\\/\\\/spanish-balcony.com\\\/es\\\/catalina-de-aragon-_-la-verdad-es-hija-del-tiempo\\\/#webpage\",\"url\":\"https:\\\/\\\/spanish-balcony.com\\\/es\\\/catalina-de-aragon-_-la-verdad-es-hija-del-tiempo\\\/\",\"name\":\"El legado imperecedero de Catalina de Arag\\u00f3n en la historia\",\"description\":\"Enrique VIII pas\\u00f3 a la historia por convertir el matrimonio en una instituci\\u00f3n inestable, en su caso, el compromiso conyugal ten\\u00eda fecha de caducidad y en dos ocasiones de ejecuci\\u00f3n. Pero antes de la tragedia y del exceso, hubo una elecci\\u00f3n decisiva: Catalina de Arag\\u00f3n. Catalina hab\\u00eda llegado a Inglaterra para casarse con Arturo, el\",\"inLanguage\":\"es-ES\",\"isPartOf\":{\"@id\":\"https:\\\/\\\/spanish-balcony.com\\\/es\\\/#website\"},\"breadcrumb\":{\"@id\":\"https:\\\/\\\/spanish-balcony.com\\\/es\\\/catalina-de-aragon-_-la-verdad-es-hija-del-tiempo\\\/#breadcrumblist\"},\"author\":{\"@id\":\"https:\\\/\\\/spanish-balcony.com\\\/es\\\/author\\\/eugeniabugagmail-com\\\/#author\"},\"creator\":{\"@id\":\"https:\\\/\\\/spanish-balcony.com\\\/es\\\/author\\\/eugeniabugagmail-com\\\/#author\"},\"image\":{\"@type\":\"ImageObject\",\"url\":\"https:\\\/\\\/spanish-balcony.com\\\/wp-content\\\/uploads\\\/2026\\\/01\\\/ChatGPT-Image-19-ene-2026-12_47_47.png\",\"@id\":\"https:\\\/\\\/spanish-balcony.com\\\/es\\\/catalina-de-aragon-_-la-verdad-es-hija-del-tiempo\\\/#mainImage\",\"width\":1024,\"height\":1536,\"caption\":\"Catalina de Aragon, vestida de \\u00e9poca con fondo azul\"},\"primaryImageOfPage\":{\"@id\":\"https:\\\/\\\/spanish-balcony.com\\\/es\\\/catalina-de-aragon-_-la-verdad-es-hija-del-tiempo\\\/#mainImage\"},\"datePublished\":\"2026-01-19T15:53:34+00:00\",\"dateModified\":\"2026-01-20T02:27:05+00:00\"},{\"@type\":\"WebSite\",\"@id\":\"https:\\\/\\\/spanish-balcony.com\\\/es\\\/#website\",\"url\":\"https:\\\/\\\/spanish-balcony.com\\\/es\\\/\",\"name\":\"Spanish-Balcony\",\"description\":\"Join unique tours in Madrid exploring Spain\\u2019s art, culture, and the remarkable women who shaped its story.\",\"inLanguage\":\"es-ES\",\"publisher\":{\"@id\":\"https:\\\/\\\/spanish-balcony.com\\\/es\\\/#organization\"}}]}\n\t\t<\/script>\n\t\t<!-- All in One SEO -->\n\n","aioseo_head_json":{"title":"El legado imperecedero de Catalina de Arag\u00f3n en la historia","description":"Enrique VIII pas\u00f3 a la historia por convertir el matrimonio en una instituci\u00f3n inestable, en su caso, el compromiso conyugal ten\u00eda fecha de caducidad y en dos ocasiones de ejecuci\u00f3n. Pero antes de la tragedia y del exceso, hubo una elecci\u00f3n decisiva: Catalina de Arag\u00f3n. Catalina hab\u00eda llegado a Inglaterra para casarse con Arturo, el","canonical_url":"https:\/\/spanish-balcony.com\/es\/catalina-de-aragon-_-la-verdad-es-hija-del-tiempo\/","robots":"max-image-preview:large","keywords":"","webmasterTools":{"google-site-verification":"4Ee2dGhfs_Ly4CmLcTc-k-CkNDXSfdpOl37T9BCtYEM","miscellaneous":""},"schema":{"@context":"https:\/\/schema.org","@graph":[{"@type":"BlogPosting","@id":"https:\/\/spanish-balcony.com\/es\/catalina-de-aragon-_-la-verdad-es-hija-del-tiempo\/#blogposting","name":"El legado imperecedero de Catalina de Arag\u00f3n en la historia","headline":"EL LEGADO IMPERECEDERO DE CATALINA DE ARAG\u00d3N EN LA HISTORIA","author":{"@id":"https:\/\/spanish-balcony.com\/es\/author\/eugeniabugagmail-com\/#author"},"publisher":{"@id":"https:\/\/spanish-balcony.com\/es\/#organization"},"image":{"@type":"ImageObject","url":"https:\/\/spanish-balcony.com\/wp-content\/uploads\/2026\/01\/ChatGPT-Image-19-ene-2026-12_47_47.png","width":1024,"height":1536,"caption":"Catalina de Aragon, vestida de \u00e9poca con fondo azul"},"datePublished":"2026-01-19T15:53:34+00:00","dateModified":"2026-01-20T02:27:05+00:00","inLanguage":"es-ES","mainEntityOfPage":{"@id":"https:\/\/spanish-balcony.com\/es\/catalina-de-aragon-_-la-verdad-es-hija-del-tiempo\/#webpage"},"isPartOf":{"@id":"https:\/\/spanish-balcony.com\/es\/catalina-de-aragon-_-la-verdad-es-hija-del-tiempo\/#webpage"},"articleSection":"Blog"},{"@type":"BreadcrumbList","@id":"https:\/\/spanish-balcony.com\/es\/catalina-de-aragon-_-la-verdad-es-hija-del-tiempo\/#breadcrumblist","itemListElement":[{"@type":"ListItem","@id":"https:\/\/spanish-balcony.com\/es#listItem","position":1,"name":"Home","item":"https:\/\/spanish-balcony.com\/es","nextItem":{"@type":"ListItem","@id":"https:\/\/spanish-balcony.com\/es\/category\/blog\/#listItem","name":"Blog"}},{"@type":"ListItem","@id":"https:\/\/spanish-balcony.com\/es\/category\/blog\/#listItem","position":2,"name":"Blog","item":"https:\/\/spanish-balcony.com\/es\/category\/blog\/","nextItem":{"@type":"ListItem","@id":"https:\/\/spanish-balcony.com\/es\/catalina-de-aragon-_-la-verdad-es-hija-del-tiempo\/#listItem","name":"EL LEGADO IMPERECEDERO DE CATALINA DE ARAG\u00d3N EN LA HISTORIA"},"previousItem":{"@type":"ListItem","@id":"https:\/\/spanish-balcony.com\/es#listItem","name":"Home"}},{"@type":"ListItem","@id":"https:\/\/spanish-balcony.com\/es\/catalina-de-aragon-_-la-verdad-es-hija-del-tiempo\/#listItem","position":3,"name":"EL LEGADO IMPERECEDERO DE CATALINA DE ARAG\u00d3N EN LA HISTORIA","previousItem":{"@type":"ListItem","@id":"https:\/\/spanish-balcony.com\/es\/category\/blog\/#listItem","name":"Blog"}}]},{"@type":"Organization","@id":"https:\/\/spanish-balcony.com\/es\/#organization","name":"Spanish-Balcony","description":"Join unique tours in Madrid exploring Spain\u2019s art, culture, and the remarkable women who shaped its story.","url":"https:\/\/spanish-balcony.com\/es\/","logo":{"@type":"ImageObject","url":"https:\/\/spanish-balcony.com\/wp-content\/uploads\/2025\/10\/cropped-Spanish-Balcony-logo-por-web-1-scaled-1.png","@id":"https:\/\/spanish-balcony.com\/es\/catalina-de-aragon-_-la-verdad-es-hija-del-tiempo\/#organizationLogo","width":992,"height":573},"image":{"@id":"https:\/\/spanish-balcony.com\/es\/catalina-de-aragon-_-la-verdad-es-hija-del-tiempo\/#organizationLogo"}},{"@type":"Person","@id":"https:\/\/spanish-balcony.com\/es\/author\/eugeniabugagmail-com\/#author","url":"https:\/\/spanish-balcony.com\/es\/author\/eugeniabugagmail-com\/","name":"eugeniabuga@gmail.com","image":{"@type":"ImageObject","@id":"https:\/\/spanish-balcony.com\/es\/catalina-de-aragon-_-la-verdad-es-hija-del-tiempo\/#authorImage","url":"https:\/\/secure.gravatar.com\/avatar\/a24d5455027630faa968b40310804bec53bb312e7bc23c80de69199c079deac6?s=96&d=mm&r=g","width":96,"height":96,"caption":"eugeniabuga@gmail.com"}},{"@type":"WebPage","@id":"https:\/\/spanish-balcony.com\/es\/catalina-de-aragon-_-la-verdad-es-hija-del-tiempo\/#webpage","url":"https:\/\/spanish-balcony.com\/es\/catalina-de-aragon-_-la-verdad-es-hija-del-tiempo\/","name":"El legado imperecedero de Catalina de Arag\u00f3n en la historia","description":"Enrique VIII pas\u00f3 a la historia por convertir el matrimonio en una instituci\u00f3n inestable, en su caso, el compromiso conyugal ten\u00eda fecha de caducidad y en dos ocasiones de ejecuci\u00f3n. Pero antes de la tragedia y del exceso, hubo una elecci\u00f3n decisiva: Catalina de Arag\u00f3n. Catalina hab\u00eda llegado a Inglaterra para casarse con Arturo, el","inLanguage":"es-ES","isPartOf":{"@id":"https:\/\/spanish-balcony.com\/es\/#website"},"breadcrumb":{"@id":"https:\/\/spanish-balcony.com\/es\/catalina-de-aragon-_-la-verdad-es-hija-del-tiempo\/#breadcrumblist"},"author":{"@id":"https:\/\/spanish-balcony.com\/es\/author\/eugeniabugagmail-com\/#author"},"creator":{"@id":"https:\/\/spanish-balcony.com\/es\/author\/eugeniabugagmail-com\/#author"},"image":{"@type":"ImageObject","url":"https:\/\/spanish-balcony.com\/wp-content\/uploads\/2026\/01\/ChatGPT-Image-19-ene-2026-12_47_47.png","@id":"https:\/\/spanish-balcony.com\/es\/catalina-de-aragon-_-la-verdad-es-hija-del-tiempo\/#mainImage","width":1024,"height":1536,"caption":"Catalina de Aragon, vestida de \u00e9poca con fondo azul"},"primaryImageOfPage":{"@id":"https:\/\/spanish-balcony.com\/es\/catalina-de-aragon-_-la-verdad-es-hija-del-tiempo\/#mainImage"},"datePublished":"2026-01-19T15:53:34+00:00","dateModified":"2026-01-20T02:27:05+00:00"},{"@type":"WebSite","@id":"https:\/\/spanish-balcony.com\/es\/#website","url":"https:\/\/spanish-balcony.com\/es\/","name":"Spanish-Balcony","description":"Join unique tours in Madrid exploring Spain\u2019s art, culture, and the remarkable women who shaped its story.","inLanguage":"es-ES","publisher":{"@id":"https:\/\/spanish-balcony.com\/es\/#organization"}}]},"og:locale":"es_ES","og:site_name":"Spanish-Balcony \u00bb Join unique tours in Madrid exploring Spain\u2019s art, culture, and the remarkable women who shaped its story.","og:type":"article","og:title":"El legado imperecedero de Catalina de Arag\u00f3n en la historia","og:description":"Enrique VIII pas\u00f3 a la historia por convertir el matrimonio en una instituci\u00f3n inestable, en su caso, el compromiso conyugal ten\u00eda fecha de caducidad y en dos ocasiones de ejecuci\u00f3n. Pero antes de la tragedia y del exceso, hubo una elecci\u00f3n decisiva: Catalina de Arag\u00f3n. Catalina hab\u00eda llegado a Inglaterra para casarse con Arturo, el","og:url":"https:\/\/spanish-balcony.com\/es\/catalina-de-aragon-_-la-verdad-es-hija-del-tiempo\/","og:image":"https:\/\/spanish-balcony.com\/wp-content\/uploads\/2025\/10\/cropped-Spanish-Balcony-logo-por-web-1-scaled-1.png","og:image:secure_url":"https:\/\/spanish-balcony.com\/wp-content\/uploads\/2025\/10\/cropped-Spanish-Balcony-logo-por-web-1-scaled-1.png","article:published_time":"2026-01-19T15:53:34+00:00","article:modified_time":"2026-01-20T02:27:05+00:00","twitter:card":"summary_large_image","twitter:title":"El legado imperecedero de Catalina de Arag\u00f3n en la historia","twitter:description":"Enrique VIII pas\u00f3 a la historia por convertir el matrimonio en una instituci\u00f3n inestable, en su caso, el compromiso conyugal ten\u00eda fecha de caducidad y en dos ocasiones de ejecuci\u00f3n. Pero antes de la tragedia y del exceso, hubo una elecci\u00f3n decisiva: Catalina de Arag\u00f3n. Catalina hab\u00eda llegado a Inglaterra para casarse con Arturo, el","twitter:image":"https:\/\/spanish-balcony.com\/wp-content\/uploads\/2025\/10\/cropped-Spanish-Balcony-logo-por-web-1-scaled-1.png"},"aioseo_meta_data":{"post_id":"3064","title":"El legado imperecedero de Catalina de Arag\u00f3n en la historia","description":null,"keywords":null,"keyphrases":{"focus":{"keyphrase":"","score":0,"analysis":{"keyphraseInTitle":{"score":0,"maxScore":9,"error":1}}},"additional":[]},"primary_term":null,"canonical_url":null,"og_title":null,"og_description":null,"og_object_type":"default","og_image_type":"default","og_image_url":null,"og_image_width":null,"og_image_height":null,"og_image_custom_url":null,"og_image_custom_fields":null,"og_video":"","og_custom_url":null,"og_article_section":null,"og_article_tags":null,"twitter_use_og":false,"twitter_card":"default","twitter_image_type":"default","twitter_image_url":null,"twitter_image_custom_url":null,"twitter_image_custom_fields":null,"twitter_title":null,"twitter_description":null,"schema":{"blockGraphs":[],"customGraphs":[],"default":{"data":{"Article":[],"Course":[],"Dataset":[],"FAQPage":[],"Movie":[],"Person":[],"Product":[],"ProductReview":[],"Car":[],"Recipe":[],"Service":[],"SoftwareApplication":[],"WebPage":[]},"graphName":"BlogPosting","isEnabled":true},"graphs":[]},"schema_type":"default","schema_type_options":null,"pillar_content":false,"robots_default":true,"robots_noindex":false,"robots_noarchive":false,"robots_nosnippet":false,"robots_nofollow":false,"robots_noimageindex":false,"robots_noodp":false,"robots_notranslate":false,"robots_max_snippet":"-1","robots_max_videopreview":"-1","robots_max_imagepreview":"large","priority":null,"frequency":"default","local_seo":null,"breadcrumb_settings":null,"limit_modified_date":false,"ai":{"faqs":[],"keyPoints":[],"titles":["Catalina de Arag\u00f3n: Una historia de valent\u00eda, influencia y resistencia en el tiempo","El legado imperecedero de Catalina de Arag\u00f3n en la historia y cultura","Catalina de Arag\u00f3n: La mujer que dej\u00f3 su huella en la historia inglesa y espa\u00f1ola","Tras su viaje de Alcal\u00e1 a la historia: el impacto de Catalina de Arag\u00f3n","Influencia y resistencia: El papel hist\u00f3rico de Catalina de Arag\u00f3n en la cultura y diplomacia"],"descriptions":[],"socialPosts":{"email":[],"linkedin":[],"twitter":[],"facebook":[],"instagram":[]}},"created":"2026-01-19 16:07:32","updated":"2026-01-20 02:39:24","seo_analyzer_scan_date":null,"focus_keyword":null,"additional_keywords":null,"truseo_locale":null},"aioseo_breadcrumb":"<div class=\"aioseo-breadcrumbs\"><span class=\"aioseo-breadcrumb\">\n\t\t\t<a href=\"https:\/\/spanish-balcony.com\/es\" title=\"Home\">Home<\/a>\n\t\t<\/span><span class=\"aioseo-breadcrumb-separator\">&raquo;<\/span><span class=\"aioseo-breadcrumb\">\n\t\t\t<a href=\"https:\/\/spanish-balcony.com\/es\/category\/blog\/\" title=\"Blog\">Blog<\/a>\n\t\t<\/span><span class=\"aioseo-breadcrumb-separator\">&raquo;<\/span><span class=\"aioseo-breadcrumb\">\n\t\t\tEL LEGADO IMPERECEDERO DE CATALINA DE ARAG\u00d3N EN LA HISTORIA\n\t\t<\/span><\/div>","aioseo_breadcrumb_json":[{"label":"Home","link":"https:\/\/spanish-balcony.com\/es"},{"label":"Blog","link":"https:\/\/spanish-balcony.com\/es\/category\/blog\/"},{"label":"EL LEGADO IMPERECEDERO DE CATALINA DE ARAG\u00d3N EN LA HISTORIA","link":"https:\/\/spanish-balcony.com\/es\/catalina-de-aragon-_-la-verdad-es-hija-del-tiempo\/"}],"uagb_featured_image_src":{"full":["https:\/\/spanish-balcony.com\/wp-content\/uploads\/2026\/01\/ChatGPT-Image-19-ene-2026-12_47_47.png",1024,1536,false],"thumbnail":["https:\/\/spanish-balcony.com\/wp-content\/uploads\/2026\/01\/ChatGPT-Image-19-ene-2026-12_47_47-150x150.png",150,150,true],"medium":["https:\/\/spanish-balcony.com\/wp-content\/uploads\/2026\/01\/ChatGPT-Image-19-ene-2026-12_47_47-200x300.png",200,300,true],"medium_large":["https:\/\/spanish-balcony.com\/wp-content\/uploads\/2026\/01\/ChatGPT-Image-19-ene-2026-12_47_47-768x1152.png",768,1152,true],"large":["https:\/\/spanish-balcony.com\/wp-content\/uploads\/2026\/01\/ChatGPT-Image-19-ene-2026-12_47_47-683x1024.png",683,1024,true],"1536x1536":["https:\/\/spanish-balcony.com\/wp-content\/uploads\/2026\/01\/ChatGPT-Image-19-ene-2026-12_47_47.png",1024,1536,false],"2048x2048":["https:\/\/spanish-balcony.com\/wp-content\/uploads\/2026\/01\/ChatGPT-Image-19-ene-2026-12_47_47.png",1024,1536,false],"trp-custom-language-flag":["https:\/\/spanish-balcony.com\/wp-content\/uploads\/2026\/01\/ChatGPT-Image-19-ene-2026-12_47_47-8x12.png",8,12,true]},"uagb_author_info":{"display_name":"eugeniabuga@gmail.com","author_link":"https:\/\/spanish-balcony.com\/es\/author\/eugeniabugagmail-com\/"},"uagb_comment_info":0,"uagb_excerpt":"Enrique VIII pas\u00f3 a la historia por convertir el matrimonio en una instituci\u00f3n inestable, en su caso, el compromiso conyugal ten\u00eda fecha de caducidad y en dos ocasiones de ejecuci\u00f3n. Pero antes de la tragedia y del exceso, hubo una elecci\u00f3n decisiva: Catalina de Arag\u00f3n. Catalina hab\u00eda llegado a Inglaterra para casarse con Arturo, el&hellip;","_links":{"self":[{"href":"https:\/\/spanish-balcony.com\/es\/wp-json\/wp\/v2\/posts\/3064","targetHints":{"allow":["GET"]}}],"collection":[{"href":"https:\/\/spanish-balcony.com\/es\/wp-json\/wp\/v2\/posts"}],"about":[{"href":"https:\/\/spanish-balcony.com\/es\/wp-json\/wp\/v2\/types\/post"}],"author":[{"embeddable":true,"href":"https:\/\/spanish-balcony.com\/es\/wp-json\/wp\/v2\/users\/1"}],"replies":[{"embeddable":true,"href":"https:\/\/spanish-balcony.com\/es\/wp-json\/wp\/v2\/comments?post=3064"}],"version-history":[{"count":14,"href":"https:\/\/spanish-balcony.com\/es\/wp-json\/wp\/v2\/posts\/3064\/revisions"}],"predecessor-version":[{"id":3099,"href":"https:\/\/spanish-balcony.com\/es\/wp-json\/wp\/v2\/posts\/3064\/revisions\/3099"}],"wp:featuredmedia":[{"embeddable":true,"href":"https:\/\/spanish-balcony.com\/es\/wp-json\/wp\/v2\/media\/3082"}],"wp:attachment":[{"href":"https:\/\/spanish-balcony.com\/es\/wp-json\/wp\/v2\/media?parent=3064"}],"wp:term":[{"taxonomy":"category","embeddable":true,"href":"https:\/\/spanish-balcony.com\/es\/wp-json\/wp\/v2\/categories?post=3064"},{"taxonomy":"post_tag","embeddable":true,"href":"https:\/\/spanish-balcony.com\/es\/wp-json\/wp\/v2\/tags?post=3064"}],"curies":[{"name":"wp","href":"https:\/\/api.w.org\/{rel}","templated":true}]}}